{"id":7628,"date":"2024-05-03T12:18:00","date_gmt":"2024-05-03T12:18:00","guid":{"rendered":"https:\/\/logyline.com\/?p=7628"},"modified":"2024-06-10T09:58:36","modified_gmt":"2024-06-10T09:58:36","slug":"digitaliser-son-entreprise-etes-vous-pret-a-sauter-le-pas","status":"publish","type":"post","link":"https:\/\/logyline.com\/pt\/2024\/05\/03\/digitaliser-son-entreprise-etes-vous-pret-a-sauter-le-pas\/","title":{"rendered":"Digitalizar a sua empresa: est\u00e1 pronto para dar o salto?"},"content":{"rendered":"<div data-elementor-type=\"wp-post\" data-elementor-id=\"7628\" class=\"elementor elementor-7628\">\n\t\t\t\t\t\t<section class=\"elementor-section elementor-top-section elementor-element elementor-element-3becf702 elementor-section-boxed elementor-section-height-default elementor-section-height-default\" data-id=\"3becf702\" data-element_type=\"section\" data-e-type=\"section\">\n\t\t\t\t\t\t<div class=\"elementor-container elementor-column-gap-default\">\n\t\t\t\t\t<div class=\"elementor-column elementor-col-100 elementor-top-column elementor-element elementor-element-5df5d9b9\" data-id=\"5df5d9b9\" data-element_type=\"column\" data-e-type=\"column\">\n\t\t\t<div class=\"elementor-widget-wrap elementor-element-populated\">\n\t\t\t\t\t\t<div class=\"elementor-element elementor-element-67e5160e elementor-widget elementor-widget-text-editor\" data-id=\"67e5160e\" data-element_type=\"widget\" data-e-type=\"widget\" data-widget_type=\"text-editor.default\">\n\t\t\t\t<div class=\"elementor-widget-container\">\n\t\t\t\t\t\t\t\t\t<p>Tome nota! Em 2024, a digitaliza\u00e7\u00e3o do seu neg\u00f3cio \u00e9 quase inevit\u00e1vel! \u26a0\ud83d\ude2f<\/p>\n<p>Atualmente, a sua presen\u00e7a em linha permite-lhe estar vis\u00edvel n\u00e3o s\u00f3 para os seus clientes e parceiros, mas tamb\u00e9m para os seus concorrentes. \u00c9 isso mesmo! A digitaliza\u00e7\u00e3o infiltrou-se no nosso quotidiano, tornando mesmo obrigat\u00f3rio que os indiv\u00edduos estejam pelo menos um pouco ligados. \ud83d\udcf3<\/p>\n<p>Para se manter competitiva, a adapta\u00e7\u00e3o digital \u00e9 essencial para qualquer empresa. A digitaliza\u00e7\u00e3o da sua empresa \u00e9 essencial se quiser acompanhar a evolu\u00e7\u00e3o tecnol\u00f3gica e garantir o futuro a longo prazo da sua empresa.<span style=\"font-style: inherit; font-weight: inherit; color: var( --e-global-color-2b5b1670 ); background-color: var(--ast-global-color-5);\"><!-- notionvc: 3aa82a81-b98e-4a1e-bd7e-31feb0b811fa --><\/span><\/p>\n<p><!-- notionvc: b5a7928b-843f-489b-b708-2deac2314dad --><\/p>\n<h3><span class=\"notion-enable-hover\" data-token-index=\"0\">Porqu\u00ea digitalizar a sua empresa?<\/span><!-- notionvc: 9f027720-5683-4702-8136-b0db140dc1f5 --><\/h3>\n<p><!-- notionvc: d1bbc178-d391-4c5b-b0c0-bfdbb52deb88 --><\/p>\n<p>Antes de mais, diria que a digitaliza\u00e7\u00e3o da sua empresa tem um grande impacto no desempenho. Pode ajud\u00e1-lo a aumentar a produtividade, reduzir custos, melhorar a qualidade dos seus produtos\/servi\u00e7os e melhorar os seus processos internos. \ud83d\udc4c<\/p>\n<p>O software tamb\u00e9m pode ser bom! \u00c9 por isso que tantas pessoas os utilizam!<\/p>\n<p>Podem ajud\u00e1-lo a chegar a novos clientes, permitindo-lhe vender os seus produtos de uma forma diferente. Acrescentam um valor real. Portanto, sim, o papel \u00e9 bom, mas infelizmente torna-o menos competitivo no mercado... Mantenha-se \u00e1gil, adaptando-se aos tempos. \u00c9 compreens\u00edvel que haja uma s\u00e9rie de obst\u00e1culos entre si e a digitaliza\u00e7\u00e3o, e isso pode ser assustador. No entanto, quanto mais esperar, maior ser\u00e1 o fosso entre si e os seus clientes. \ud83c\udf00<\/p>\n<h3>Como pode digitalizar a sua empresa?<\/h3>\n<h3><span class=\"notion-enable-hover\" style=\"font-size: 14pt;\" data-token-index=\"0\"><span class=\"notion-enable-hover\" data-token-index=\"0\">1. Para atrair mais clientes<!-- notionvc: 47cb1310-93c3-4960-a78d-342b2ca6c423 --><\/span><!-- notionvc: ac1402d3-2d7e-492a-b073-f53ad664bf82 --><\/span><\/h3>\n<p>Tem falta de clientes? Atraia e fidelize os seus clientes oferecendo (por exemplo) um servi\u00e7o adicional, como projectos 3D para ajudar os seus clientes a planear o seu futuro. Aumentar\u00e1 sistematicamente a satisfa\u00e7\u00e3o dos seus clientes!<\/p>\n<p>N\u00e3o sonha em descobrir o seu projeto futuro antes mesmo de ele ser criado? \u2728<\/p>\n<h3><span class=\"notion-enable-hover\" style=\"font-size: 14pt;\" data-token-index=\"0\"><span class=\"notion-enable-hover\" data-token-index=\"0\">2. Melhorar as suas condi\u00e7\u00f5es de trabalho<!-- notionvc: 68c06815-f97b-4549-b45b-cbf0ca4a76ba --><!-- notionvc: 47cb1310-93c3-4960-a78d-342b2ca6c423 --><\/span><!-- notionvc: ac1402d3-2d7e-492a-b073-f53ad664bf82 --><\/span><\/h3>\n<p>Melhore as suas condi\u00e7\u00f5es de trabalho e as da sua equipa! A digitaliza\u00e7\u00e3o n\u00e3o beneficia apenas os seus clientes, a sua equipa tamb\u00e9m precisa de um ambiente de trabalho moderno e estimulante. Isto significa proporcionar um ambiente de trabalho sereno, mas tamb\u00e9m digitalizar e simplificar tarefas morosas, como as declara\u00e7\u00f5es de obras. \ud83d\udcc4<\/p>\n<p>Est\u00e1 a falar de passar mais de uma hora a fazer uma declara\u00e7\u00e3o de trabalho? Que tal faz\u00ea-lo em 15 minutos a partir de agora? \ud83d\udd5e<\/p>\n<p><span class=\"notion-enable-hover\" style=\"font-size: 14pt;\" data-token-index=\"0\"><span class=\"notion-enable-hover\" data-token-index=\"0\"><strong>3. Facilitar a colabora\u00e7\u00e3o<\/strong><!-- notionvc: 2e23756f-f06b-4b48-9947-2c1c4c942b9e --><!-- notionvc: 68c06815-f97b-4549-b45b-cbf0ca4a76ba --><!-- notionvc: 47cb1310-93c3-4960-a78d-342b2ca6c423 --><\/span><!-- notionvc: ac1402d3-2d7e-492a-b073-f53ad664bf82 --><\/span><\/p>\n<p>As ferramentas digitais, como as plataformas de colabora\u00e7\u00e3o em linha, facilitam o trabalho conjunto dos membros da sua equipa, mesmo \u00e0 dist\u00e2ncia. As reuni\u00f5es virtuais, a partilha de documentos em tempo real e as ferramentas de gest\u00e3o de projectos facilitam a comunica\u00e7\u00e3o e a coordena\u00e7\u00e3o entre departamentos ou membros da equipa geograficamente dispersos. \ud83c\udf0e<\/p>\n<p>A digitaliza\u00e7\u00e3o da sua empresa n\u00e3o \u00e9 uma op\u00e7\u00e3o, \u00e9 uma necessidade. Se n\u00e3o se atrever a mudar, arrisca-se a ficar atr\u00e1s dos seus concorrentes e a perder potenciais clientes como resultado...<\/p>\n<p><!-- notionvc: 20527145-6f2d-4cf2-988c-342cda76aa4c --><\/p>\n<p><!-- notionvc: e084b14b-3110-4498-aa00-6ab1e95911d6 --><\/p>\t\t\t\t\t\t\t\t<\/div>\n\t\t\t\t<\/div>\n\t\t\t\t<div class=\"elementor-element elementor-element-ccbc949 elementor-widget elementor-widget-image\" data-id=\"ccbc949\" data-element_type=\"widget\" data-e-type=\"widget\" data-widget_type=\"image.default\">\n\t\t\t\t<div class=\"elementor-widget-container\">\n\t\t\t\t\t\t\t\t\t\t\t\t\t\t\t<img fetchpriority=\"high\" decoding=\"async\" width=\"300\" height=\"171\" src=\"https:\/\/logyline.com\/wp-content\/uploads\/2024\/05\/BLOG-Illustrations-principales-2-1-1-300x171.png\" class=\"attachment-medium size-medium wp-image-7630\" alt=\"Digitaliser son entreprise\" srcset=\"https:\/\/logyline.com\/wp-content\/uploads\/2024\/05\/BLOG-Illustrations-principales-2-1-1-300x171.png 300w, https:\/\/logyline.com\/wp-content\/uploads\/2024\/05\/BLOG-Illustrations-principales-2-1-1-1024x585.png 1024w, https:\/\/logyline.com\/wp-content\/uploads\/2024\/05\/BLOG-Illustrations-principales-2-1-1-768x439.png 768w, https:\/\/logyline.com\/wp-content\/uploads\/2024\/05\/BLOG-Illustrations-principales-2-1-1-18x10.png 18w, https:\/\/logyline.com\/wp-content\/uploads\/2024\/05\/BLOG-Illustrations-principales-2-1-1.png 1400w\" sizes=\"(max-width: 300px) 100vw, 300px\" \/>\t\t\t\t\t\t\t\t\t\t\t\t\t\t\t<\/div>\n\t\t\t\t<\/div>\n\t\t\t\t<div class=\"elementor-element elementor-element-bfe217f elementor-widget__width-initial elementor-widget elementor-widget-text-editor\" data-id=\"bfe217f\" data-element_type=\"widget\" data-e-type=\"widget\" data-widget_type=\"text-editor.default\">\n\t\t\t\t<div class=\"elementor-widget-container\">\n\t\t\t\t\t\t\t\t\t<h3 style=\"font-style: normal;\"><span data-token-index=\"0\">Que estrat\u00e9gia(s) devo p\u00f4r em pr\u00e1tica para o conseguir?<!-- notionvc: 8f63f8d0-39e7-4bf1-97a1-8b2e567c92f9 --><\/span><\/h3><p>A digitaliza\u00e7\u00e3o da sua empresa \u00e9 uma a\u00e7\u00e3o estrat\u00e9gica. O seu objetivo \u00e9 tirar partido da tecnologia para melhorar todos os aspectos da empresa.<\/p><p>Isto pode incluir:<\/p><ul><li><p><strong>Marketing e vendas:<\/strong> Estabelecer uma presen\u00e7a em linha \u00e9 essencial para chegar a novos clientes.<\/p><p>Pode partilhar alguns dos seus projectos 3D nas suas redes sociais para atrair clientes!<\/p><\/li><li><p><strong>Servi\u00e7o ao cliente :<\/strong> A digitaliza\u00e7\u00e3o significa personalizar a experi\u00eancia do cliente.<\/p><p>Envie rapidamente o projeto 3D ao seu cliente diretamente online.<\/p><\/li><li><p><strong>Opera\u00e7\u00f5es:<\/strong> A integra\u00e7\u00e3o de ferramentas de gest\u00e3o de projectos \u00e9 uma alavanca para aumentar a efici\u00eancia operacional.<\/p><p>Realizar projectos desde o pedido do cliente at\u00e9 \u00e0 sua conclus\u00e3o.<\/p><\/li><\/ul><h3>Ent\u00e3o, est\u00e1 pronto para dar o salto?<\/h3><p>A Logyconcept3D ajuda-o a digitalizar o seu neg\u00f3cio. O nosso software foi concebido para :<\/p><ul><li>Gerir os seus projectos de forma mais eficiente<\/li><li>Simplificar a comunica\u00e7\u00e3o entre as suas equipas e os seus clientes<\/li><li>Prestar um servi\u00e7o adicional que acrescente valor ao seu trabalho e \u00e0 sua empresa<\/li><\/ul><p>O Logyconcept3D \u00e9 a solu\u00e7\u00e3o ideal para as empresas que se querem transformar digitalmente e manterem-se competitivas!!! \ud83d\ude01<\/p><p>Contacte-nos hoje para uma demonstra\u00e7\u00e3o gratuita.<\/p><p>Pronto para dar o salto?<!-- notionvc: 5af1bd81-cb5c-4699-9412-4c50c2d6fba0 --><\/p><p><!-- notionvc: 00593600-21ef-4780-a4b4-307ba61aca86 --><\/p><p><!-- notionvc: 9ecfef28-9539-4658-ba70-0bdfd7a5e692 --><\/p><p><!-- notionvc: b3eec850-b009-48db-817f-7cb365e48a75 --><\/p>\t\t\t\t\t\t\t\t<\/div>\n\t\t\t\t<\/div>\n\t\t\t\t\t<\/div>\n\t\t<\/div>\n\t\t\t\t\t<\/div>\n\t\t<\/section>\n\t\t\t\t<section class=\"elementor-section elementor-top-section elementor-element elementor-element-5d2e884 elementor-section-boxed elementor-section-height-default elementor-section-height-default\" data-id=\"5d2e884\" data-element_type=\"section\" data-e-type=\"section\">\n\t\t\t\t\t\t<div class=\"elementor-container elementor-column-gap-default\">\n\t\t\t\t\t<div class=\"elementor-column elementor-col-100 elementor-top-column elementor-element elementor-element-1b2fa64\" data-id=\"1b2fa64\" data-element_type=\"column\" data-e-type=\"column\">\n\t\t\t<div class=\"elementor-widget-wrap elementor-element-populated\">\n\t\t\t\t\t\t<div class=\"elementor-element elementor-element-8495358 elementor-widget elementor-widget-text-editor\" data-id=\"8495358\" data-element_type=\"widget\" data-e-type=\"widget\" data-widget_type=\"text-editor.default\">\n\t\t\t\t<div class=\"elementor-widget-container\">\n\t\t\t\t\t\t\t\t\t<p style=\"font-size: 16px; font-style: normal;\"><span style=\"color: var( --e-global-color-2b5b1670 ); background-color: var(--ast-global-color-5);\">\ud83d\udc49 Solicite uma demonstra\u00e7\u00e3o gratuita clicando em&nbsp;<\/span><a href=\"https:\/\/logyline.com\/pt\/demonstration\/\">AQUI<\/a><\/p>\n<p style=\"font-size: 16px; font-style: normal;\">Veja as nossas redes sociais! Estamos em&nbsp;<a href=\"http:\/\/instagram.com\/logyline_software\/?hl=fr\">Instagram<\/a>,&nbsp;<a href=\"http:\/\/linkedin.com\/company\/10365307\/admin\/feed\/posts\">LinkedIn<\/a>,&nbsp;<a href=\"https:\/\/www.youtube.com\/@logyline_software\">YouTube<\/a>,&nbsp;<a href=\"https:\/\/www.tiktok.com\/@logyline_software?lang=fr\">TikTok<\/a>&nbsp;e&nbsp;<a href=\"http:\/\/facebook.com\/logyline\">Facebook<\/a>&nbsp;\ud83d\ude1c<\/p>\t\t\t\t\t\t\t\t<\/div>\n\t\t\t\t<\/div>\n\t\t\t\t\t<\/div>\n\t\t<\/div>\n\t\t\t\t\t<\/div>\n\t\t<\/section>\n\t\t\t\t<\/div>","protected":false},"excerpt":{"rendered":"<p>Attention ! En 2024, la digitalisation de votre entreprise est quasiment in\u00e9vitable ! \u26a0\ud83d\ude2f Aujourd\u2019hui, votre pr\u00e9sence en ligne vous permet d\u2019\u00eatre visible non seulement pour vos clients et vos partenaires, mais \u00e9galement pour faire [&hellip;]<\/p>\n","protected":false},"author":9,"featured_media":7636,"comment_status":"closed","ping_status":"open","sticky":false,"template":"","format":"standard","meta":{"site-sidebar-layout":"default","site-content-layout":"","ast-site-content-layout":"default","site-content-style":"default","site-sidebar-style":"default","ast-global-header-display":"","ast-banner-title-visibility":"","ast-main-header-display":"","ast-hfb-above-header-display":"","ast-hfb-below-header-display":"","ast-hfb-mobile-header-display":"","site-post-title":"","ast-breadcrumbs-content":"","ast-featured-img":"","footer-sml-layout":"","ast-disable-related-posts":"","theme-transparent-header-meta":"","adv-header-id-meta":"","stick-header-meta":"","header-above-stick-meta":"","header-main-stick-meta":"","header-below-stick-meta":"","astra-migrate-meta-layouts":"set","ast-page-background-enabled":"default","ast-page-background-meta":{"desktop":{"background-color":"","background-image":"","background-repeat":"repeat","background-position":"center center","background-size":"auto","background-attachment":"scroll","background-type":"","background-media":"","overlay-type":"","overlay-color":"","overlay-opacity":"","overlay-gradient":""},"tablet":{"background-color":"","background-image":"","background-repeat":"repeat","background-position":"center center","background-size":"auto","background-attachment":"scroll","background-type":"","background-media":"","overlay-type":"","overlay-color":"","overlay-opacity":"","overlay-gradient":""},"mobile":{"background-color":"","background-image":"","background-repeat":"repeat","background-position":"center center","background-size":"auto","background-attachment":"scroll","background-type":"","background-media":"","overlay-type":"","overlay-color":"","overlay-opacity":"","overlay-gradient":""}},"ast-content-background-meta":{"desktop":{"background-color":"var(--ast-global-color-5)","background-image":"","background-repeat":"repeat","background-position":"center center","background-size":"auto","background-attachment":"scroll","background-type":"","background-media":"","overlay-type":"","overlay-color":"","overlay-opacity":"","overlay-gradient":""},"tablet":{"background-color":"var(--ast-global-color-5)","background-image":"","background-repeat":"repeat","background-position":"center center","background-size":"auto","background-attachment":"scroll","background-type":"","background-media":"","overlay-type":"","overlay-color":"","overlay-opacity":"","overlay-gradient":""},"mobile":{"background-color":"var(--ast-global-color-5)","background-image":"","background-repeat":"repeat","background-position":"center center","background-size":"auto","background-attachment":"scroll","background-type":"","background-media":"","overlay-type":"","overlay-color":"","overlay-opacity":"","overlay-gradient":""}},"footnotes":""},"categories":[25],"tags":[],"class_list":["post-7628","post","type-post","status-publish","format-standard","has-post-thumbnail","hentry","category-actualites-logyline"],"yoast_head":"<!-- This site is optimized with the Yoast SEO plugin v27.5 - https:\/\/yoast.com\/product\/yoast-seo-wordpress\/ -->\n<title>Digitaliser son entreprise : \u00eates-vous pr\u00eat \u00e0 sauter le pas ? - Logyline<\/title>\n<meta name=\"description\" content=\"Digitaliser son entreprise est imp\u00e9ratif pour rester en accord avec les \u00e9volutions technologiques et assurer la p\u00e9rennit\u00e9 de son activit\u00e9.\" \/>\n<meta name=\"robots\" content=\"index, follow, max-snippet:-1, max-image-preview:large, max-video-preview:-1\" \/>\n<link rel=\"canonical\" href=\"https:\/\/logyline.com\/pt\/2024\/05\/03\/digitaliser-son-entreprise-etes-vous-pret-a-sauter-le-pas\/\" \/>\n<meta property=\"og:locale\" content=\"pt_PT\" \/>\n<meta property=\"og:type\" content=\"article\" \/>\n<meta property=\"og:title\" content=\"Digitaliser son entreprise : \u00eates-vous pr\u00eat \u00e0 sauter le pas ? - Logyline\" \/>\n<meta property=\"og:description\" content=\"Digitaliser son entreprise est imp\u00e9ratif pour rester en accord avec les \u00e9volutions technologiques et assurer la p\u00e9rennit\u00e9 de son activit\u00e9.\" \/>\n<meta property=\"og:url\" content=\"https:\/\/logyline.com\/pt\/2024\/05\/03\/digitaliser-son-entreprise-etes-vous-pret-a-sauter-le-pas\/\" \/>\n<meta property=\"og:site_name\" content=\"Logyline\" \/>\n<meta property=\"article:publisher\" content=\"https:\/\/www.facebook.com\/logyline\/\" \/>\n<meta property=\"article:published_time\" content=\"2024-05-03T12:18:00+00:00\" \/>\n<meta property=\"article:modified_time\" content=\"2024-06-10T09:58:36+00:00\" \/>\n<meta property=\"og:image\" content=\"https:\/\/logyline.com\/wp-content\/uploads\/2024\/05\/BLOG-Illustrations-principales-1-1.png\" \/>\n\t<meta property=\"og:image:width\" content=\"1400\" \/>\n\t<meta property=\"og:image:height\" content=\"800\" \/>\n\t<meta property=\"og:image:type\" content=\"image\/png\" \/>\n<meta name=\"author\" content=\"Amandine Brugier\" \/>\n<meta name=\"twitter:card\" content=\"summary_large_image\" \/>\n<meta name=\"twitter:label1\" content=\"Escrito por\" \/>\n\t<meta name=\"twitter:data1\" content=\"Amandine Brugier\" \/>\n\t<meta name=\"twitter:label2\" content=\"Tempo estimado de leitura\" \/>\n\t<meta name=\"twitter:data2\" content=\"4 minutos\" \/>\n<script type=\"application\/ld+json\" class=\"yoast-schema-graph\">{\"@context\":\"https:\\\/\\\/schema.org\",\"@graph\":[{\"@type\":\"Article\",\"@id\":\"https:\\\/\\\/logyline.com\\\/2024\\\/05\\\/03\\\/digitaliser-son-entreprise-etes-vous-pret-a-sauter-le-pas\\\/#article\",\"isPartOf\":{\"@id\":\"https:\\\/\\\/logyline.com\\\/2024\\\/05\\\/03\\\/digitaliser-son-entreprise-etes-vous-pret-a-sauter-le-pas\\\/\"},\"author\":{\"name\":\"Amandine Brugier\",\"@id\":\"https:\\\/\\\/logyline.com\\\/#\\\/schema\\\/person\\\/33b5c91c5848248ca3b8c85e0003d4b2\"},\"headline\":\"Digitaliser son entreprise : \u00eates-vous pr\u00eat \u00e0 sauter le pas ?\",\"datePublished\":\"2024-05-03T12:18:00+00:00\",\"dateModified\":\"2024-06-10T09:58:36+00:00\",\"mainEntityOfPage\":{\"@id\":\"https:\\\/\\\/logyline.com\\\/2024\\\/05\\\/03\\\/digitaliser-son-entreprise-etes-vous-pret-a-sauter-le-pas\\\/\"},\"wordCount\":786,\"publisher\":{\"@id\":\"https:\\\/\\\/logyline.com\\\/#organization\"},\"image\":{\"@id\":\"https:\\\/\\\/logyline.com\\\/2024\\\/05\\\/03\\\/digitaliser-son-entreprise-etes-vous-pret-a-sauter-le-pas\\\/#primaryimage\"},\"thumbnailUrl\":\"https:\\\/\\\/logyline.com\\\/wp-content\\\/uploads\\\/2024\\\/05\\\/BLOG-Illustrations-principales-1-1.png\",\"articleSection\":[\"Actualit\u00e9s Logyline\"],\"inLanguage\":\"pt-PT\"},{\"@type\":\"WebPage\",\"@id\":\"https:\\\/\\\/logyline.com\\\/2024\\\/05\\\/03\\\/digitaliser-son-entreprise-etes-vous-pret-a-sauter-le-pas\\\/\",\"url\":\"https:\\\/\\\/logyline.com\\\/2024\\\/05\\\/03\\\/digitaliser-son-entreprise-etes-vous-pret-a-sauter-le-pas\\\/\",\"name\":\"Digitaliser son entreprise : \u00eates-vous pr\u00eat \u00e0 sauter le pas ? - Logyline\",\"isPartOf\":{\"@id\":\"https:\\\/\\\/logyline.com\\\/#website\"},\"primaryImageOfPage\":{\"@id\":\"https:\\\/\\\/logyline.com\\\/2024\\\/05\\\/03\\\/digitaliser-son-entreprise-etes-vous-pret-a-sauter-le-pas\\\/#primaryimage\"},\"image\":{\"@id\":\"https:\\\/\\\/logyline.com\\\/2024\\\/05\\\/03\\\/digitaliser-son-entreprise-etes-vous-pret-a-sauter-le-pas\\\/#primaryimage\"},\"thumbnailUrl\":\"https:\\\/\\\/logyline.com\\\/wp-content\\\/uploads\\\/2024\\\/05\\\/BLOG-Illustrations-principales-1-1.png\",\"datePublished\":\"2024-05-03T12:18:00+00:00\",\"dateModified\":\"2024-06-10T09:58:36+00:00\",\"description\":\"Digitaliser son entreprise est imp\u00e9ratif pour rester en accord avec les \u00e9volutions technologiques et assurer la p\u00e9rennit\u00e9 de son activit\u00e9.\",\"breadcrumb\":{\"@id\":\"https:\\\/\\\/logyline.com\\\/2024\\\/05\\\/03\\\/digitaliser-son-entreprise-etes-vous-pret-a-sauter-le-pas\\\/#breadcrumb\"},\"inLanguage\":\"pt-PT\",\"potentialAction\":[{\"@type\":\"ReadAction\",\"target\":[\"https:\\\/\\\/logyline.com\\\/2024\\\/05\\\/03\\\/digitaliser-son-entreprise-etes-vous-pret-a-sauter-le-pas\\\/\"]}]},{\"@type\":\"ImageObject\",\"inLanguage\":\"pt-PT\",\"@id\":\"https:\\\/\\\/logyline.com\\\/2024\\\/05\\\/03\\\/digitaliser-son-entreprise-etes-vous-pret-a-sauter-le-pas\\\/#primaryimage\",\"url\":\"https:\\\/\\\/logyline.com\\\/wp-content\\\/uploads\\\/2024\\\/05\\\/BLOG-Illustrations-principales-1-1.png\",\"contentUrl\":\"https:\\\/\\\/logyline.com\\\/wp-content\\\/uploads\\\/2024\\\/05\\\/BLOG-Illustrations-principales-1-1.png\",\"width\":1400,\"height\":800,\"caption\":\"Digitaliser son entreprise : \u00eates-vous pr\u00eat \u00e0 sauter le pas ?\"},{\"@type\":\"BreadcrumbList\",\"@id\":\"https:\\\/\\\/logyline.com\\\/2024\\\/05\\\/03\\\/digitaliser-son-entreprise-etes-vous-pret-a-sauter-le-pas\\\/#breadcrumb\",\"itemListElement\":[{\"@type\":\"ListItem\",\"position\":1,\"name\":\"Home\",\"item\":\"https:\\\/\\\/logyline.com\\\/\"},{\"@type\":\"ListItem\",\"position\":2,\"name\":\"Digitaliser son entreprise : \u00eates-vous pr\u00eat \u00e0 sauter le pas ?\"}]},{\"@type\":\"WebSite\",\"@id\":\"https:\\\/\\\/logyline.com\\\/#website\",\"url\":\"https:\\\/\\\/logyline.com\\\/\",\"name\":\"Logyline\",\"description\":\"Pour une nouvelle dimension\",\"publisher\":{\"@id\":\"https:\\\/\\\/logyline.com\\\/#organization\"},\"potentialAction\":[{\"@type\":\"SearchAction\",\"target\":{\"@type\":\"EntryPoint\",\"urlTemplate\":\"https:\\\/\\\/logyline.com\\\/?s={search_term_string}\"},\"query-input\":{\"@type\":\"PropertyValueSpecification\",\"valueRequired\":true,\"valueName\":\"search_term_string\"}}],\"inLanguage\":\"pt-PT\"},{\"@type\":\"Organization\",\"@id\":\"https:\\\/\\\/logyline.com\\\/#organization\",\"name\":\"Logyline\",\"url\":\"https:\\\/\\\/logyline.com\\\/\",\"logo\":{\"@type\":\"ImageObject\",\"inLanguage\":\"pt-PT\",\"@id\":\"https:\\\/\\\/logyline.com\\\/#\\\/schema\\\/logo\\\/image\\\/\",\"url\":\"https:\\\/\\\/logyline.com\\\/wp-content\\\/uploads\\\/2023\\\/06\\\/cropped-LOGO-LOGYLINE-2021-RVB.png\",\"contentUrl\":\"https:\\\/\\\/logyline.com\\\/wp-content\\\/uploads\\\/2023\\\/06\\\/cropped-LOGO-LOGYLINE-2021-RVB.png\",\"width\":1087,\"height\":628,\"caption\":\"Logyline\"},\"image\":{\"@id\":\"https:\\\/\\\/logyline.com\\\/#\\\/schema\\\/logo\\\/image\\\/\"},\"sameAs\":[\"https:\\\/\\\/www.facebook.com\\\/logyline\\\/\",\"https:\\\/\\\/www.instagram.com\\\/logyline_software\\\/?hl=fr\",\"https:\\\/\\\/www.linkedin.com\\\/company\\\/logyline\\\/\",\"https:\\\/\\\/www.youtube.com\\\/channel\\\/UC_TB3XwfR6nRnjFDEbh3Ewg\"]},{\"@type\":\"Person\",\"@id\":\"https:\\\/\\\/logyline.com\\\/#\\\/schema\\\/person\\\/33b5c91c5848248ca3b8c85e0003d4b2\",\"name\":\"Amandine Brugier\",\"image\":{\"@type\":\"ImageObject\",\"inLanguage\":\"pt-PT\",\"@id\":\"https:\\\/\\\/secure.gravatar.com\\\/avatar\\\/a0ee3408127d519cd6fc93def2b7bf82d70c2f54b06518693af60d56218b6104?s=96&d=mm&r=g\",\"url\":\"https:\\\/\\\/secure.gravatar.com\\\/avatar\\\/a0ee3408127d519cd6fc93def2b7bf82d70c2f54b06518693af60d56218b6104?s=96&d=mm&r=g\",\"contentUrl\":\"https:\\\/\\\/secure.gravatar.com\\\/avatar\\\/a0ee3408127d519cd6fc93def2b7bf82d70c2f54b06518693af60d56218b6104?s=96&d=mm&r=g\",\"caption\":\"Amandine Brugier\"},\"url\":\"https:\\\/\\\/logyline.com\\\/pt\\\/author\\\/amandinebrugier\\\/\"}]}<\/script>\n<!-- \/ Yoast SEO plugin. -->","yoast_head_json":{"title":"Digitaliser son entreprise : \u00eates-vous pr\u00eat \u00e0 sauter le pas ? - Logyline","description":"Digitaliser son entreprise est imp\u00e9ratif pour rester en accord avec les \u00e9volutions technologiques et assurer la p\u00e9rennit\u00e9 de son activit\u00e9.","robots":{"index":"index","follow":"follow","max-snippet":"max-snippet:-1","max-image-preview":"max-image-preview:large","max-video-preview":"max-video-preview:-1"},"canonical":"https:\/\/logyline.com\/pt\/2024\/05\/03\/digitaliser-son-entreprise-etes-vous-pret-a-sauter-le-pas\/","og_locale":"pt_PT","og_type":"article","og_title":"Digitaliser son entreprise : \u00eates-vous pr\u00eat \u00e0 sauter le pas ? - Logyline","og_description":"Digitaliser son entreprise est imp\u00e9ratif pour rester en accord avec les \u00e9volutions technologiques et assurer la p\u00e9rennit\u00e9 de son activit\u00e9.","og_url":"https:\/\/logyline.com\/pt\/2024\/05\/03\/digitaliser-son-entreprise-etes-vous-pret-a-sauter-le-pas\/","og_site_name":"Logyline","article_publisher":"https:\/\/www.facebook.com\/logyline\/","article_published_time":"2024-05-03T12:18:00+00:00","article_modified_time":"2024-06-10T09:58:36+00:00","og_image":[{"width":1400,"height":800,"url":"https:\/\/logyline.com\/wp-content\/uploads\/2024\/05\/BLOG-Illustrations-principales-1-1.png","type":"image\/png"}],"author":"Amandine Brugier","twitter_card":"summary_large_image","twitter_misc":{"Escrito por":"Amandine Brugier","Tempo estimado de leitura":"4 minutos"},"schema":{"@context":"https:\/\/schema.org","@graph":[{"@type":"Article","@id":"https:\/\/logyline.com\/2024\/05\/03\/digitaliser-son-entreprise-etes-vous-pret-a-sauter-le-pas\/#article","isPartOf":{"@id":"https:\/\/logyline.com\/2024\/05\/03\/digitaliser-son-entreprise-etes-vous-pret-a-sauter-le-pas\/"},"author":{"name":"Amandine Brugier","@id":"https:\/\/logyline.com\/#\/schema\/person\/33b5c91c5848248ca3b8c85e0003d4b2"},"headline":"Digitaliser son entreprise : \u00eates-vous pr\u00eat \u00e0 sauter le pas ?","datePublished":"2024-05-03T12:18:00+00:00","dateModified":"2024-06-10T09:58:36+00:00","mainEntityOfPage":{"@id":"https:\/\/logyline.com\/2024\/05\/03\/digitaliser-son-entreprise-etes-vous-pret-a-sauter-le-pas\/"},"wordCount":786,"publisher":{"@id":"https:\/\/logyline.com\/#organization"},"image":{"@id":"https:\/\/logyline.com\/2024\/05\/03\/digitaliser-son-entreprise-etes-vous-pret-a-sauter-le-pas\/#primaryimage"},"thumbnailUrl":"https:\/\/logyline.com\/wp-content\/uploads\/2024\/05\/BLOG-Illustrations-principales-1-1.png","articleSection":["Actualit\u00e9s Logyline"],"inLanguage":"pt-PT"},{"@type":"WebPage","@id":"https:\/\/logyline.com\/2024\/05\/03\/digitaliser-son-entreprise-etes-vous-pret-a-sauter-le-pas\/","url":"https:\/\/logyline.com\/2024\/05\/03\/digitaliser-son-entreprise-etes-vous-pret-a-sauter-le-pas\/","name":"Digitaliser son entreprise : \u00eates-vous pr\u00eat \u00e0 sauter le pas ? - Logyline","isPartOf":{"@id":"https:\/\/logyline.com\/#website"},"primaryImageOfPage":{"@id":"https:\/\/logyline.com\/2024\/05\/03\/digitaliser-son-entreprise-etes-vous-pret-a-sauter-le-pas\/#primaryimage"},"image":{"@id":"https:\/\/logyline.com\/2024\/05\/03\/digitaliser-son-entreprise-etes-vous-pret-a-sauter-le-pas\/#primaryimage"},"thumbnailUrl":"https:\/\/logyline.com\/wp-content\/uploads\/2024\/05\/BLOG-Illustrations-principales-1-1.png","datePublished":"2024-05-03T12:18:00+00:00","dateModified":"2024-06-10T09:58:36+00:00","description":"Digitaliser son entreprise est imp\u00e9ratif pour rester en accord avec les \u00e9volutions technologiques et assurer la p\u00e9rennit\u00e9 de son activit\u00e9.","breadcrumb":{"@id":"https:\/\/logyline.com\/2024\/05\/03\/digitaliser-son-entreprise-etes-vous-pret-a-sauter-le-pas\/#breadcrumb"},"inLanguage":"pt-PT","potentialAction":[{"@type":"ReadAction","target":["https:\/\/logyline.com\/2024\/05\/03\/digitaliser-son-entreprise-etes-vous-pret-a-sauter-le-pas\/"]}]},{"@type":"ImageObject","inLanguage":"pt-PT","@id":"https:\/\/logyline.com\/2024\/05\/03\/digitaliser-son-entreprise-etes-vous-pret-a-sauter-le-pas\/#primaryimage","url":"https:\/\/logyline.com\/wp-content\/uploads\/2024\/05\/BLOG-Illustrations-principales-1-1.png","contentUrl":"https:\/\/logyline.com\/wp-content\/uploads\/2024\/05\/BLOG-Illustrations-principales-1-1.png","width":1400,"height":800,"caption":"Digitaliser son entreprise : \u00eates-vous pr\u00eat \u00e0 sauter le pas ?"},{"@type":"BreadcrumbList","@id":"https:\/\/logyline.com\/2024\/05\/03\/digitaliser-son-entreprise-etes-vous-pret-a-sauter-le-pas\/#breadcrumb","itemListElement":[{"@type":"ListItem","position":1,"name":"Home","item":"https:\/\/logyline.com\/"},{"@type":"ListItem","position":2,"name":"Digitaliser son entreprise : \u00eates-vous pr\u00eat \u00e0 sauter le pas ?"}]},{"@type":"WebSite","@id":"https:\/\/logyline.com\/#website","url":"https:\/\/logyline.com\/","name":"Logomarca","description":"Para uma nova dimens\u00e3o","publisher":{"@id":"https:\/\/logyline.com\/#organization"},"potentialAction":[{"@type":"SearchAction","target":{"@type":"EntryPoint","urlTemplate":"https:\/\/logyline.com\/?s={search_term_string}"},"query-input":{"@type":"PropertyValueSpecification","valueRequired":true,"valueName":"search_term_string"}}],"inLanguage":"pt-PT"},{"@type":"Organization","@id":"https:\/\/logyline.com\/#organization","name":"Logomarca","url":"https:\/\/logyline.com\/","logo":{"@type":"ImageObject","inLanguage":"pt-PT","@id":"https:\/\/logyline.com\/#\/schema\/logo\/image\/","url":"https:\/\/logyline.com\/wp-content\/uploads\/2023\/06\/cropped-LOGO-LOGYLINE-2021-RVB.png","contentUrl":"https:\/\/logyline.com\/wp-content\/uploads\/2023\/06\/cropped-LOGO-LOGYLINE-2021-RVB.png","width":1087,"height":628,"caption":"Logyline"},"image":{"@id":"https:\/\/logyline.com\/#\/schema\/logo\/image\/"},"sameAs":["https:\/\/www.facebook.com\/logyline\/","https:\/\/www.instagram.com\/logyline_software\/?hl=fr","https:\/\/www.linkedin.com\/company\/logyline\/","https:\/\/www.youtube.com\/channel\/UC_TB3XwfR6nRnjFDEbh3Ewg"]},{"@type":"Person","@id":"https:\/\/logyline.com\/#\/schema\/person\/33b5c91c5848248ca3b8c85e0003d4b2","name":"Amandine Brugier","image":{"@type":"ImageObject","inLanguage":"pt-PT","@id":"https:\/\/secure.gravatar.com\/avatar\/a0ee3408127d519cd6fc93def2b7bf82d70c2f54b06518693af60d56218b6104?s=96&d=mm&r=g","url":"https:\/\/secure.gravatar.com\/avatar\/a0ee3408127d519cd6fc93def2b7bf82d70c2f54b06518693af60d56218b6104?s=96&d=mm&r=g","contentUrl":"https:\/\/secure.gravatar.com\/avatar\/a0ee3408127d519cd6fc93def2b7bf82d70c2f54b06518693af60d56218b6104?s=96&d=mm&r=g","caption":"Amandine Brugier"},"url":"https:\/\/logyline.com\/pt\/author\/amandinebrugier\/"}]}},"_links":{"self":[{"href":"https:\/\/logyline.com\/pt\/wp-json\/wp\/v2\/posts\/7628","targetHints":{"allow":["GET"]}}],"collection":[{"href":"https:\/\/logyline.com\/pt\/wp-json\/wp\/v2\/posts"}],"about":[{"href":"https:\/\/logyline.com\/pt\/wp-json\/wp\/v2\/types\/post"}],"author":[{"embeddable":true,"href":"https:\/\/logyline.com\/pt\/wp-json\/wp\/v2\/users\/9"}],"replies":[{"embeddable":true,"href":"https:\/\/logyline.com\/pt\/wp-json\/wp\/v2\/comments?post=7628"}],"version-history":[{"count":7,"href":"https:\/\/logyline.com\/pt\/wp-json\/wp\/v2\/posts\/7628\/revisions"}],"predecessor-version":[{"id":7647,"href":"https:\/\/logyline.com\/pt\/wp-json\/wp\/v2\/posts\/7628\/revisions\/7647"}],"wp:featuredmedia":[{"embeddable":true,"href":"https:\/\/logyline.com\/pt\/wp-json\/wp\/v2\/media\/7636"}],"wp:attachment":[{"href":"https:\/\/logyline.com\/pt\/wp-json\/wp\/v2\/media?parent=7628"}],"wp:term":[{"taxonomy":"category","embeddable":true,"href":"https:\/\/logyline.com\/pt\/wp-json\/wp\/v2\/categories?post=7628"},{"taxonomy":"post_tag","embeddable":true,"href":"https:\/\/logyline.com\/pt\/wp-json\/wp\/v2\/tags?post=7628"}],"curies":[{"name":"wp","href":"https:\/\/api.w.org\/{rel}","templated":true}]}}